{"id":184,"date":"2026-03-23T11:44:00","date_gmt":"2026-03-23T09:44:00","guid":{"rendered":"https:\/\/washinwar.caritas.ua\/?p=184"},"modified":"2026-03-23T11:44:00","modified_gmt":"2026-03-23T09:44:00","slug":"%d1%84%d0%be%d1%82%d0%be%d0%b2%d0%b8%d1%81%d1%82%d0%b0%d0%b2%d0%ba%d0%b0-%d0%b2%d0%be%d0%b4%d0%b0-%d1%83-%d0%b2%d0%be%d0%b3%d0%bd%d1%96-%d0%b2%d1%96%d0%b9%d0%bd%d0%b8-%d1%83-%d0%b4%d0%b5","status":"publish","type":"post","link":"https:\/\/washinwar.caritas.ua\/nb\/news\/%d1%84%d0%be%d1%82%d0%be%d0%b2%d0%b8%d1%81%d1%82%d0%b0%d0%b2%d0%ba%d0%b0-%d0%b2%d0%be%d0%b4%d0%b0-%d1%83-%d0%b2%d0%be%d0%b3%d0%bd%d1%96-%d0%b2%d1%96%d0%b9%d0%bd%d0%b8-%d1%83-%d0%b4%d0%b5\/","title":{"rendered":"Fotoutstilling \u00abVann i krigens ild\u00bb hos Ukrainas statlige vannressursbyr\u00e5"},"content":{"rendered":"\n<p class=\"wp-block-paragraph\">P\u00e5 tampen av Verdens vanndag \u00e5pnet vi fotoutstillingen <em>\u00abVann i krigens ild\u00bb<\/em> i Kyiv i samarbeid med Ukrainas statlige vannressursbyr\u00e5. Utstillingen er en del av den nasjonale milj\u00f8kampanjen <em>\u00abTa vare p\u00e5 vann \u2014 ta vare p\u00e5 fremtiden\u00bb<\/em> og den bredere informasjons- og opplysningskampanjen #WASHinWAR.<\/p>\n\n\n\n<p class=\"wp-block-paragraph\">Utstillingen tar opp en av de viktigste, men ofte undervurderte, dimensjonene ved krig \u2014 tilgang til vann som en grunnleggende ressurs for overlevelse. Russlands fullskala aggresjon, som har vart i over 12 \u00e5r, har f\u00f8rt til omfattende og til dels irreversible skader p\u00e5 Ukrainas vannressurser og gjort vannforsyning til en humanit\u00e6r utfordring av nasjonal betydning. If\u00f8lge Humanitarian Needs and Response Plan (HNRP) vil rundt 6,4 millioner ukrainere i 2026 trenge hjelp innen vann, sanit\u00e6r og hygiene.<\/p>\n\n\n\n<figure class=\"wp-block-image size-large\"><img loading=\"lazy\" decoding=\"async\" width=\"1024\" height=\"683\" src=\"https:\/\/washinwar.caritas.ua\/wp-content\/uploads\/2026\/03\/654941388_1232720042350854_7584326469708853186_n-1024x683.jpg\" alt=\"\" class=\"wp-image-178\" srcset=\"https:\/\/washinwar.caritas.ua\/wp-content\/uploads\/2026\/03\/654941388_1232720042350854_7584326469708853186_n-1024x683.jpg 1024w, https:\/\/washinwar.caritas.ua\/wp-content\/uploads\/2026\/03\/654941388_1232720042350854_7584326469708853186_n-300x200.jpg 300w, https:\/\/washinwar.caritas.ua\/wp-content\/uploads\/2026\/03\/654941388_1232720042350854_7584326469708853186_n-768x512.jpg 768w, https:\/\/washinwar.caritas.ua\/wp-content\/uploads\/2026\/03\/654941388_1232720042350854_7584326469708853186_n-1536x1024.jpg 1536w, https:\/\/washinwar.caritas.ua\/wp-content\/uploads\/2026\/03\/654941388_1232720042350854_7584326469708853186_n-756x504.jpg 756w, https:\/\/washinwar.caritas.ua\/wp-content\/uploads\/2026\/03\/654941388_1232720042350854_7584326469708853186_n.jpg 2048w\" sizes=\"auto, (max-width: 1024px) 100vw, 1024px\" \/><\/figure>\n\n\n\n<p class=\"wp-block-paragraph\">Fotografiene i utstillingen visualiserer disse utfordringene gjennom virkelige historier fra lokalsamfunn og enkeltmennesker. Bildene viser \u00f8delagt vanninfrastruktur, forurensede og skadede vannressurser, samt oversv\u00f8mte bosetninger som har blitt symboler p\u00e5 tap av trygghet og normalitet. Det legges s\u00e6rlig vekt p\u00e5 begrenset tilgang til drikkevann som f\u00f8lge av kamphandlinger, noe som direkte p\u00e5virker menneskers helse og verdighet.<\/p>\n\n\n\n<p class=\"wp-block-paragraph\">Samtidig viser utstillingen ogs\u00e5 gjenoppbygging \u2014 reparasjon av br\u00f8nner, installasjon av vannrensingssystemer og etablering av filtreringsstasjoner i frontn\u00e6re omr\u00e5der. Disse l\u00f8sningene bidrar til \u00e5 gjenopprette tilgang til trygt vann der det nylig virket umulig.<\/p>\n\n\n\n<p class=\"wp-block-paragraph\">Utstillingen vil v\u00e6re \u00e5pen til slutten av mars 2026 og fungerer som et viktig verkt\u00f8y for \u00e5 sette fokus p\u00e5 vannsikkerhet i krigstid. Som en del av samarbeidet mellom vannressursmyndighetene og Caritas Ukraina forberedes ogs\u00e5 materiale for internasjonal presentasjon, blant annet ved Nobels fredssenter i Oslo.<\/p>\n\n\n\n<p class=\"wp-block-paragraph\">\u00abFor oss er denne utstillingen en m\u00e5te \u00e5 snakke om vann som en ressurs som under krig blir b\u00e5de sv\u00e6rt s\u00e5rbar og livsviktig. Det er ogs\u00e5 en oppfordring til \u00e5 utvikle systemiske l\u00f8sninger p\u00e5 nasjonalt niv\u00e5,\u00bb sier Tetiana Yatsiuk, leder for WASH-programmet.<\/p>\n","protected":false},"excerpt":{"rendered":"<p>P\u00e5 tampen av Verdens vanndag \u00e5pnet vi fotoutstillingen \u00abVann i krigens ild\u00bb i Kyiv i samarbeid&#8230;<\/p>\n","protected":false},"author":1,"featured_media":178,"comment_status":"open","ping_status":"open","sticky":false,"template":"","format":"standard","meta":{"_locale":"nb_NO","_original_post":"https:\/\/washinwar.caritas.ua\/?p=177","footnotes":""},"categories":[1],"tags":[],"class_list":["post-184","post","type-post","status-publish","format-standard","has-post-thumbnail","hentry","category-1","nb-NO"],"_links":{"self":[{"href":"https:\/\/washinwar.caritas.ua\/wp-json\/wp\/v2\/posts\/184","targetHints":{"allow":["GET"]}}],"collection":[{"href":"https:\/\/washinwar.caritas.ua\/wp-json\/wp\/v2\/posts"}],"about":[{"href":"https:\/\/washinwar.caritas.ua\/wp-json\/wp\/v2\/types\/post"}],"author":[{"embeddable":true,"href":"https:\/\/washinwar.caritas.ua\/wp-json\/wp\/v2\/users\/1"}],"replies":[{"embeddable":true,"href":"https:\/\/washinwar.caritas.ua\/wp-json\/wp\/v2\/comments?post=184"}],"version-history":[{"count":1,"href":"https:\/\/washinwar.caritas.ua\/wp-json\/wp\/v2\/posts\/184\/revisions"}],"predecessor-version":[{"id":185,"href":"https:\/\/washinwar.caritas.ua\/wp-json\/wp\/v2\/posts\/184\/revisions\/185"}],"wp:featuredmedia":[{"embeddable":true,"href":"https:\/\/washinwar.caritas.ua\/wp-json\/wp\/v2\/media\/178"}],"wp:attachment":[{"href":"https:\/\/washinwar.caritas.ua\/wp-json\/wp\/v2\/media?parent=184"}],"wp:term":[{"taxonomy":"category","embeddable":true,"href":"https:\/\/washinwar.caritas.ua\/wp-json\/wp\/v2\/categories?post=184"},{"taxonomy":"post_tag","embeddable":true,"href":"https:\/\/washinwar.caritas.ua\/wp-json\/wp\/v2\/tags?post=184"}],"curies":[{"name":"wp","href":"https:\/\/api.w.org\/{rel}","templated":true}]}}